{"id":1212,"date":"2021-05-26T23:01:33","date_gmt":"2021-05-27T02:01:33","guid":{"rendered":"https:\/\/maxpluscompany.com\/pt\/?p=1212"},"modified":"2026-04-10T12:58:44","modified_gmt":"2026-04-10T15:58:44","slug":"Efeito-estufa:-c\u00fapula-de-l\u00edderes-sobre-o-clima-afirma-que-precisamos-adotar-a\u00e7\u00f5es-para-cont\u00ea-lo.","status":"publish","type":"post","link":"https:\/\/maxpluscompany.com\/es\/Efeito-estufa:-c\u00fapula-de-l\u00edderes-sobre-o-clima-afirma-que-precisamos-adotar-a\u00e7\u00f5es-para-cont\u00ea-lo.\/","title":{"rendered":"Efeito estufa: c\u00fapula de l\u00edderes sobre o clima afirma que precisamos adotar a\u00e7\u00f5es para cont\u00ea-lo."},"content":{"rendered":"<p>O grande assunto do momento em 2021, ap&oacute;s a c&uacute;pula de l&iacute;deres mundiais sobre o clima, organizada pelo presidente dos Estados Unidos, Joe Biden, &eacute; o compromisso de grandes na&ccedil;&otilde;es em zerar a emiss&atilde;o de g&aacute;s carb&ocirc;nico. A quest&atilde;o est&aacute; diretamente ligada ao aquecimento global devido ao efeito estufa e levantou a import&acirc;ncia para intensificar os esfor&ccedil;os, ou poderemos levar pa&iacute;ses inteiros &agrave; extin&ccedil;&atilde;o.<\/p><h2 class=\"wp-block-heading\"><strong>Entre as principais consequ&ecirc;ncias do efeito estufa, est&atilde;o:<\/strong><strong><\/strong><\/h2><div class=\"wp-block-image\"><figure class=\"alignright size-full is-resized\"><img decoding=\"async\" width=\"653\" height=\"721\" data-src=\"https:\/\/maxpluscompany.com\/wp-content\/uploads\/2023\/03\/efeito-estufa.jpg\" alt=\"\" class=\"wp-image-3049 lazyload\" style=\"--smush-placeholder-width: 653px; --smush-placeholder-aspect-ratio: 653\/721;width:290px;height:320px\" title=\"|\" data-srcset=\"https:\/\/maxpluscompany.com\/wp-content\/uploads\/2023\/03\/efeito-estufa.jpg 653w, https:\/\/maxpluscompany.com\/wp-content\/uploads\/2023\/03\/efeito-estufa-272x300.jpg 272w\" data-sizes=\"(max-width: 653px) 100vw, 653px\" src=\"data:image\/svg+xml;base64,PHN2ZyB3aWR0aD0iMSIgaGVpZ2h0PSIxIiB4bWxucz0iaHR0cDovL3d3dy53My5vcmcvMjAwMC9zdmciPjwvc3ZnPg==\" \/><\/figure><\/div><p>&bull; Derretimento das calotas polares e aumento do n&iacute;vel do mar.<\/p><p>&bull; Inunda&ccedil;&otilde;es nas latitudes do norte e no Pac&iacute;fico Equatorial.<\/p><p>&bull; Extin&ccedil;&atilde;o de esp&eacute;cies e danos irrepar&aacute;veis a diversos ecossistemas.<\/p><p>&bull; Escassez de &aacute;gua em algumas regi&otilde;es.<\/p><p>&bull; Problemas de sa&uacute;de provocados pelo aumento do calor.<\/p><p><\/p><p>Sabemos que o efeito estufa natural, &eacute; uma prote&ccedil;&atilde;o da Terra que, caso n&atilde;o existisse, deixaria a nossa superf&iacute;cie g&eacute;lida, com temperaturas de &ndash; 18&ordm;C. O que acontece atualmente &eacute; que a alta concentra&ccedil;&atilde;o de CO2 na atmosfera reduz a naturalidade do processo, desregulando todo o nosso ecossistema e elevando a temperatura acima do ideal.<\/p><p>H&aacute; mais de 35 anos a MAX PLUS se preocupa com essa causa e atua com solu&ccedil;&otilde;es t&eacute;rmicas que ajudam na redu&ccedil;&atilde;o do consumo energ&eacute;tico na climatiza&ccedil;&atilde;o de grandes ambientes em f&aacute;bricas, galp&otilde;es e outras constru&ccedil;&otilde;es, contribuindo assim com a redu&ccedil;&atilde;o da emiss&atilde;o de CO<sup>2<\/sup> para a atmosfera, reduzindo o efeito estufa.<\/p><p>Trabalhamos com tecnologia e inova&ccedil;&atilde;o, aplicando o que h&aacute; de mais avan&ccedil;ado em nossos produtos, para aumentar a efic&aacute;cia do combate ao calor do sol nos telhados industriais. <a href=\"https:\/\/maxpluscompany.com\/pt\/produtos\/\">MAX THERM<\/a>, por exemplo, utiliza part&iacute;culas de cer&acirc;mica altamente refrat&aacute;rias, semelhante ao processo que a NASA emprega em seus ve&iacute;culos espaciais para proteg&ecirc;-los na reentrada na atmosfera.<\/p><p>Ou seja, ao possibilitar economia em escala para as empresas, com gastos em climatiza&ccedil;&atilde;o e energia, tamb&eacute;m estamos ajudando a reduzir a emiss&atilde;o de gases na atmosfera e contribuindo para manter o equil&iacute;brio clim&aacute;tico, t&atilde;o importante para a sobreviv&ecirc;ncia de muitas esp&eacute;cies.<\/p><h3 class=\"wp-block-heading\"><strong>As principais metas do governo brasileiro s&atilde;o:&nbsp;<\/strong><\/h3><p>A COP27 prev&ecirc; tamb&eacute;m que os pa&iacute;ses firmados comuniquem, a cada cinco anos de forma volunt&aacute;ria, o andamento das suas metas previstas. E caso essas metas tenham sido alcan&ccedil;adas antes do prazo final, devem-se criar mecanismos para elev&aacute;-las, tornando-as mais ambiciosas e colaborativas.<\/p><p>Na COP27, a ONU deve analisar se essas metas foram atingidas e definir novos objetivos.<\/p><h3 class=\"wp-block-heading\">Contribui&ccedil;&atilde;o da Max Plus Company<\/h3><p>A boa not&iacute;cia &eacute; que a Max Plus Company tem um s&eacute;rio compromisso com o Brasil e com o planeta: contribuir para que nossa meta seja atingida antes do prazo final.<\/p><p>Sempre alinhada com as quest&otilde;es ambientais, nosso enorme background de produtos cada vez mais tecnol&oacute;gicos, nos permitiram desenvolver produtos altamente sustent&aacute;veis, inibidores de produ&ccedil;&atilde;o de alguns gases diretamente contribuidores ao <strong>efeito estufa<\/strong>.<\/p><p>Temos muito orgulho em dizer que nosso isolante t&eacute;rmico Max Therm n&atilde;o s&oacute; ajuda ao Brasil a alcan&ccedil;ar essa meta, como tamb&eacute;m contribui mundialmente para a redu&ccedil;&atilde;o de emiss&otilde;es de carbono.<\/p><h3 class=\"wp-block-heading\"><strong>Como?<\/strong><\/h3><h4 class=\"wp-block-heading\"><strong>Nossa contribui&ccedil;&atilde;o vem por tr&ecirc;s frentes importantes:<\/strong><\/h4><ul class=\"wp-block-list\">\n<li>Por ser uma membrana altamente refletiva e de baixa emissividade, o Max Therm bloqueia o aquecimento da superf&iacute;cie das telhas, ou seja, n&atilde;o s&atilde;o produzidos gases gerados pelo calor nas imensas &aacute;reas de telhados industriais, que s&atilde;o grandes respons&aacute;veis pela gera&ccedil;&atilde;o de ilhas de calor urbanas, comuns em &aacute;reas industriais.<\/li>\n\n\n\n<li>Nossos produtos tamb&eacute;m recuperam coberturas industriais, evitando que os telhados sejam trocados, e que sejam descartadas toneladas de substratos incluindo o amianto, que &eacute; altamente t&oacute;xico.<\/li>\n\n\n\n<li>O uso do <a href=\"https:\/\/maxpluscompany.com\/pt\/telhados-brancos-ganham-relevancia\/\">telhado branco<\/a> com o Max Therm, reduz a temperatura interna do ambiente, gerando a diminui&ccedil;&atilde;o o uso de energia el&eacute;trica em ambientes climatizados ou com ar-condicionado. Essa a&ccedil;&atilde;o permite a compensa&ccedil;&atilde;o de at&eacute; 10 toneladas de CO2 a cada 100 m&sup2; aplicado ao ano.<\/li>\n<\/ul><figure class=\"wp-block-gallery has-nested-images columns-default is-cropped wp-block-gallery-1 is-layout-flex wp-block-gallery-is-layout-flex\">\n<figure class=\"wp-block-image size-large\"><img decoding=\"async\" width=\"1025\" height=\"310\" data-id=\"2889\" data-src=\"https:\/\/maxpluscompany.com\/wp-content\/uploads\/2023\/02\/baldes-ilustrativos-juntos-2.jpg\" alt=\"\" class=\"wp-image-2889 lazyload\" title=\"|\" data-srcset=\"https:\/\/maxpluscompany.com\/wp-content\/uploads\/2023\/02\/baldes-ilustrativos-juntos-2.jpg 1025w, https:\/\/maxpluscompany.com\/wp-content\/uploads\/2023\/02\/baldes-ilustrativos-juntos-2-300x91.jpg 300w, https:\/\/maxpluscompany.com\/wp-content\/uploads\/2023\/02\/baldes-ilustrativos-juntos-2-768x232.jpg 768w\" data-sizes=\"(max-width: 1025px) 100vw, 1025px\" src=\"data:image\/svg+xml;base64,PHN2ZyB3aWR0aD0iMSIgaGVpZ2h0PSIxIiB4bWxucz0iaHR0cDovL3d3dy53My5vcmcvMjAwMC9zdmciPjwvc3ZnPg==\" style=\"--smush-placeholder-width: 1025px; --smush-placeholder-aspect-ratio: 1025\/310;\" \/><\/figure>\n<figcaption class=\"blocks-gallery-caption wp-element-caption\">Linha completa dos produtos Max Plus<\/figcaption><\/figure><p><\/p><p>Confie na experi&ecirc;ncia da MAX PLUS, com mais de <a href=\"https:\/\/maxpluscompany.com\/pt\/obras-max-plus-company-depoimentos\/\">12.000.000 m<sup>2<\/sup>&nbsp;de coberturas tratadas<\/a>, e converse com a nossa equipe para conhecer as op&ccedil;&otilde;es mais adequadas para colaborar com o controle da temperatura n&atilde;o s&oacute; em sua empresa, mas tamb&eacute;m do nosso planeta.<\/p><p><br><\/p><div class=\"wp-block-image\"><figure class=\"aligncenter size-large\"><img decoding=\"async\" width=\"612\" height=\"433\" data-src=\"https:\/\/maxpluscompany.com\/wp-content\/uploads\/2021\/05\/Materia1_21_CupulaLideresRodape.jpg\" alt=\"\" class=\"wp-image-1243 lazyload\" title=\"|\" data-srcset=\"https:\/\/maxpluscompany.com\/wp-content\/uploads\/2021\/05\/Materia1_21_CupulaLideresRodape.jpg 612w, https:\/\/maxpluscompany.com\/wp-content\/uploads\/2021\/05\/Materia1_21_CupulaLideresRodape-300x212.jpg 300w\" data-sizes=\"(max-width: 612px) 100vw, 612px\" src=\"data:image\/svg+xml;base64,PHN2ZyB3aWR0aD0iMSIgaGVpZ2h0PSIxIiB4bWxucz0iaHR0cDovL3d3dy53My5vcmcvMjAwMC9zdmciPjwvc3ZnPg==\" style=\"--smush-placeholder-width: 612px; --smush-placeholder-aspect-ratio: 612\/433;\" \/><\/figure><\/div>","protected":false},"excerpt":{"rendered":"<p>O grande assunto do momento em 2021, ap&oacute;s a c&uacute;pula de l&iacute;deres mundiais sobre o clima, organizada pelo presidente dos Estados Unidos, Joe Biden, &eacute; o compromisso de grandes na&ccedil;&otilde;es em zerar a emiss&atilde;o de g&aacute;s carb&ocirc;nico. A quest&atilde;o est&aacute; diretamente ligada ao aquecimento global devido ao efeito estufa e levantou a import&acirc;ncia para intensificar [&hellip;]<\/p>\n","protected":false},"author":7,"featured_media":1250,"comment_status":"closed","ping_status":"closed","sticky":false,"template":"","format":"standard","meta":{"_acf_changed":false,"footnotes":""},"categories":[219],"tags":[],"navegacao_post":[],"class_list":["post-1212","post","type-post","status-publish","format-standard","has-post-thumbnail","hentry","category-esg-e-a-max-plus","entry"],"acf":[],"_links":{"self":[{"href":"https:\/\/maxpluscompany.com\/es\/wp-json\/wp\/v2\/posts\/1212","targetHints":{"allow":["GET"]}}],"collection":[{"href":"https:\/\/maxpluscompany.com\/es\/wp-json\/wp\/v2\/posts"}],"about":[{"href":"https:\/\/maxpluscompany.com\/es\/wp-json\/wp\/v2\/types\/post"}],"author":[{"embeddable":true,"href":"https:\/\/maxpluscompany.com\/es\/wp-json\/wp\/v2\/users\/7"}],"replies":[{"embeddable":true,"href":"https:\/\/maxpluscompany.com\/es\/wp-json\/wp\/v2\/comments?post=1212"}],"version-history":[{"count":3,"href":"https:\/\/maxpluscompany.com\/es\/wp-json\/wp\/v2\/posts\/1212\/revisions"}],"predecessor-version":[{"id":5236,"href":"https:\/\/maxpluscompany.com\/es\/wp-json\/wp\/v2\/posts\/1212\/revisions\/5236"}],"wp:featuredmedia":[{"embeddable":true,"href":"https:\/\/maxpluscompany.com\/es\/wp-json\/wp\/v2\/media\/1250"}],"wp:attachment":[{"href":"https:\/\/maxpluscompany.com\/es\/wp-json\/wp\/v2\/media?parent=1212"}],"wp:term":[{"taxonomy":"category","embeddable":true,"href":"https:\/\/maxpluscompany.com\/es\/wp-json\/wp\/v2\/categories?post=1212"},{"taxonomy":"post_tag","embeddable":true,"href":"https:\/\/maxpluscompany.com\/es\/wp-json\/wp\/v2\/tags?post=1212"},{"taxonomy":"navegacao_post","embeddable":true,"href":"https:\/\/maxpluscompany.com\/es\/wp-json\/wp\/v2\/navegacao_post?post=1212"}],"curies":[{"name":"wp","href":"https:\/\/api.w.org\/{rel}","templated":true}]}}