{"id":2526,"date":"2022-11-22T15:03:39","date_gmt":"2022-11-22T18:03:39","guid":{"rendered":"https:\/\/maxpluscompany.com\/pt\/?p=2526"},"modified":"2026-04-10T13:00:18","modified_gmt":"2026-04-10T16:00:18","slug":"COP27-\u2013-Quais-a\u00e7\u00f5es-s\u00e3o-necess\u00e1rias-para-conter-as-mudan\u00e7as-clim\u00e1ticas-no-mundo?","status":"publish","type":"post","link":"https:\/\/maxpluscompany.com\/es\/COP27-\u2013-Quais-a\u00e7\u00f5es-s\u00e3o-necess\u00e1rias-para-conter-as-mudan\u00e7as-clim\u00e1ticas-no-mundo?\/","title":{"rendered":"COP27 \u2013 Quais a\u00e7\u00f5es s\u00e3o necess\u00e1rias para conter as mudan\u00e7as clim\u00e1ticas no mundo?"},"content":{"rendered":"<p>Com in&iacute;cio em 1995, o encontro realizado pela Organiza&ccedil;&atilde;o das Na&ccedil;&otilde;es Unidas (ONU) entre os dias 7 e 18 de novembro, a COP (Conference of the Parties) chega &agrave; sua 27&ordf; edi&ccedil;&atilde;o em 2022.<\/p><p>Considerada um dos eventos sobre mudan&ccedil;as clim&aacute;ticas mais importante do mundo, a COP &eacute; realizada anualmente, em diferentes pa&iacute;ses a cada encontro. Este ano a cidade escolhida para a <a href=\"https:\/\/brasil.un.org\/pt-br\/205789-cop27-o-que-voce-precisa-saber-sobre-conferencia-do-clima-da-onu\" target=\"_blank\" rel=\"noopener\">COP27<\/a> foi Sharm el-Sheikh, no Egito, reunindo lideran&ccedil;as de todo o mundo para discutir as a&ccedil;&otilde;es de enfrentamento a este desafio global t&atilde;o importante e vital.<\/p><p>Essas mudan&ccedil;as clim&aacute;ticas impactam diretamente na economia, produ&ccedil;&atilde;o de alimentos, acesso a &aacute;gua pot&aacute;vel, amea&ccedil;as &agrave; sa&uacute;de, &agrave; seguran&ccedil;a, aumento de gastos, entre outros.<\/p><p>A COP1 foi realizada em Berlim, na Alemanha, em 1995, e foi o primeiro movimento feito pela ONU para negociar metas e prazos para a redu&ccedil;&atilde;o da emiss&atilde;o de gases de efeito estufa. Entre os acordos mais importantes criados durante o evento est&aacute; o Protocolo de Kyoto (COP3, em 1997), o Acordo de Paris (COP21, em 2015), e o mercado global de carbono (COP26, em 2021).<\/p><p>Algumas empresas brasileiras atentas &agrave; sustentabilidade e diretamente conectadas ao assunto do momento marcam presen&ccedil;a na COP27, apresentando solu&ccedil;&otilde;es sustent&aacute;veis para contribui&ccedil;&atilde;o global. Esta &eacute;, tamb&eacute;m, uma grande oportunidade para que estejam atualizados frente ao mercado mundial, vislumbrem possibilidades de neg&oacute;cios, troquem experi&ecirc;ncias e claro, fa&ccedil;am um &oacute;timo networking.<\/p><div class=\"wp-block-image\"><figure class=\"aligncenter size-full is-resized\"><img decoding=\"async\" data-src=\"https:\/\/maxpluscompany.com\/wp-content\/uploads\/2022\/11\/efeito_estufa.jpeg\" alt=\"\" class=\"wp-image-2552 lazyload\" width=\"265\" height=\"381\" title=\"|\" data-srcset=\"https:\/\/maxpluscompany.com\/wp-content\/uploads\/2022\/11\/efeito_estufa.jpeg 674w, https:\/\/maxpluscompany.com\/wp-content\/uploads\/2022\/11\/efeito_estufa-209x300.jpeg 209w\" data-sizes=\"(max-width: 265px) 100vw, 265px\" src=\"data:image\/svg+xml;base64,PHN2ZyB3aWR0aD0iMSIgaGVpZ2h0PSIxIiB4bWxucz0iaHR0cDovL3d3dy53My5vcmcvMjAwMC9zdmciPjwvc3ZnPg==\" style=\"--smush-placeholder-width: 265px; --smush-placeholder-aspect-ratio: 265\/381;\" \/><\/figure><\/div><p>Na pen&uacute;ltima edi&ccedil;&atilde;o, os l&iacute;deres dos pa&iacute;ses membros se comprometeram em reduzir suas emiss&otilde;es de carbono e desenvolver medidas para se adaptar aos impactos das mudan&ccedil;as clim&aacute;ticas, al&eacute;m de fornecer mais apoio aos pa&iacute;ses em desenvolvimento.&nbsp;&nbsp;<\/p><p>Em 2015 durante a COP 21, foi firmado o Acordo de Paris, que &eacute; um compromisso entre 195 pa&iacute;ses com meta na redu&ccedil;&atilde;o da emiss&atilde;o de gases respons&aacute;veis pelo efeito estufa, que entrou em vigor em 4 de novembro de 2016.&nbsp;<br><br>A principal meta do Acordo de Paris &eacute; manter o aumento da temperatura do planeta bem abaixo dos 2&deg;C, visando garantir um futuro com baixa emiss&atilde;o de carbono, adapt&aacute;vel, pr&oacute;spero e justo para todos.&nbsp;<\/p><p>O Brasil, por exemplo, comprometeu-se a reduzir at&eacute; 2025 suas emiss&otilde;es de gases de efeito estufa em at&eacute; 37% (comparados aos n&iacute;veis emitidos em 2005), estendendo essa meta para 43% at&eacute; 2030.&nbsp;&nbsp;<\/p><ul class=\"wp-block-list\"><li>Aumentar o uso de fontes alternativas de energia;&nbsp;<\/li><li>Aumentar a participa&ccedil;&atilde;o de bioenergias sustent&aacute;veis na matriz energ&eacute;tica brasileira para 18% at&eacute; 2030;&nbsp;<\/li><li><strong>Utilizar tecnologias limpas nas ind&uacute;strias;&nbsp;<\/strong><\/li><li>Melhorar a infraestrutura dos transportes;&nbsp;<\/li><li>Diminuir o desmatamento;&nbsp;<\/li><li>Restaurar e reflorestar at&eacute; 12 milh&otilde;es de hectares.&nbsp;<\/li><\/ul><h3 class=\"wp-block-heading\"><strong>As principais metas do governo brasileiro s&atilde;o:&nbsp;<\/strong><\/h3><p>A COP27 prev&ecirc; tamb&eacute;m que os pa&iacute;ses firmados comuniquem, a cada cinco anos de forma volunt&aacute;ria, o andamento das suas metas previstas. E caso essas metas tenham sido alcan&ccedil;adas antes do prazo final, devem-se criar mecanismos para elev&aacute;-las, tornando-as mais ambiciosas e colaborativas.<\/p><p>Na COP27, a ONU deve analisar se essas metas foram atingidas e definir novos objetivos.<\/p><h3 class=\"wp-block-heading\">Contribui&ccedil;&atilde;o da Max Plus Company<\/h3><p>A boa not&iacute;cia &eacute; que a Max Plus Company tem um s&eacute;rio compromisso com o Brasil e com o planeta: contribuir para que nossa meta seja atingida antes do prazo final.<\/p><p>Sempre alinhada com as quest&otilde;es ambientais, nosso enorme background de produtos cada vez mais tecnol&oacute;gicos, nos permitiram desenvolver produtos altamente sustent&aacute;veis, inibidores de produ&ccedil;&atilde;o de alguns gases diretamente contribuidores ao efeito estufa.<\/p><p>Temos muito orgulho em dizer que nosso isolante t&eacute;rmico Max Therm n&atilde;o s&oacute; ajuda ao Brasil a alcan&ccedil;ar essa meta, como tamb&eacute;m contribui mundialmente para a redu&ccedil;&atilde;o de emiss&otilde;es de carbono.<\/p><h3 class=\"wp-block-heading\"><strong>Como?<\/strong><\/h3><h4 class=\"wp-block-heading\"><strong>Nossa contribui&ccedil;&atilde;o vem por tr&ecirc;s frentes importantes:<\/strong><\/h4><ul class=\"wp-block-list\"><li>Por ser uma membrana altamente refletiva e de baixa emissividade, o Max Therm bloqueia o aquecimento da superf&iacute;cie das telhas, ou seja, n&atilde;o s&atilde;o produzidos gases gerados pelo calor nas imensas &aacute;reas de telhados industriais, que s&atilde;o grandes respons&aacute;veis pela gera&ccedil;&atilde;o de ilhas de calor urbanas, comuns em &aacute;reas industriais.<\/li><\/ul><ul class=\"wp-block-list\"><li>Nossos produtos tamb&eacute;m recuperam coberturas industriais, evitando que os telhados sejam trocados, e que sejam descartadas toneladas de substratos incluindo o amianto, que &eacute; altamente t&oacute;xico.<\/li><\/ul><ul class=\"wp-block-list\"><li>O uso do telhado branco com o Max Therm, reduz a temperatura interna do ambiente, gerando a diminui&ccedil;&atilde;o o uso de energia el&eacute;trica em ambientes climatizados ou com ar-condicionado. Essa a&ccedil;&atilde;o permite a compensa&ccedil;&atilde;o de at&eacute; 10 toneladas de CO2 a cada 100 m&sup2; aplicado ao ano.<\/li><\/ul><div class=\"wp-block-image\"><figure class=\"aligncenter size-large is-resized\"><img decoding=\"async\" data-src=\"https:\/\/maxpluscompany.com\/wp-content\/uploads\/2022\/11\/sustentabilidade-1167x769.jpeg\" alt=\"\" class=\"wp-image-2553 lazyload\" width=\"334\" height=\"220\" title=\"|\" data-srcset=\"https:\/\/maxpluscompany.com\/wp-content\/uploads\/2022\/11\/sustentabilidade-1167x769.jpeg 1167w, https:\/\/maxpluscompany.com\/wp-content\/uploads\/2022\/11\/sustentabilidade-300x198.jpeg 300w, https:\/\/maxpluscompany.com\/wp-content\/uploads\/2022\/11\/sustentabilidade-768x506.jpeg 768w, https:\/\/maxpluscompany.com\/wp-content\/uploads\/2022\/11\/sustentabilidade.jpeg 1280w\" data-sizes=\"(max-width: 334px) 100vw, 334px\" src=\"data:image\/svg+xml;base64,PHN2ZyB3aWR0aD0iMSIgaGVpZ2h0PSIxIiB4bWxucz0iaHR0cDovL3d3dy53My5vcmcvMjAwMC9zdmciPjwvc3ZnPg==\" style=\"--smush-placeholder-width: 334px; --smush-placeholder-aspect-ratio: 334\/220;\" \/><\/figure><\/div><p>O efeito estufa &eacute; uma realidade h&aacute; anos e com o passar do tempo vem se agravando cada vez mais. Dessa forma, acordos realizados como o COP27 e os demais no passado se fazem de extrema import&acirc;ncia.<\/p><p>Mais do que um edif&iacute;cio verde, estamos falando da sobreviv&ecirc;ncia no planeta terra. E a&ccedil;&otilde;es conjuntas far&atilde;o a diferen&ccedil;a nos pr&oacute;ximos anos.<\/p><p>Quer saber mais sobre o assunto, acesse os links abaixo:<\/p><div class=\"wp-block-group\"><div class=\"wp-block-group__inner-container is-layout-flow wp-block-group-is-layout-flow\">\n<div class=\"wp-block-columns is-layout-flex wp-container-core-columns-is-layout-9d6595d7 wp-block-columns-is-layout-flex\">\n<div class=\"wp-block-column is-layout-flow wp-block-column-is-layout-flow\">\n<figure class=\"wp-block-image size-full\"><a href=\"https:\/\/maxpluscompany.com\/pt\/telhado-branco-e-o-efeito-estufa\/\"><img decoding=\"async\" width=\"180\" height=\"181\" data-src=\"https:\/\/maxpluscompany.com\/wp-content\/uploads\/2022\/11\/Link_efeito_estufa.png\" alt=\"\" class=\"wp-image-2530 lazyload\" title=\"|\" data-srcset=\"https:\/\/maxpluscompany.com\/wp-content\/uploads\/2022\/11\/Link_efeito_estufa.png 180w, https:\/\/maxpluscompany.com\/wp-content\/uploads\/2022\/11\/Link_efeito_estufa-150x150.png 150w\" data-sizes=\"(max-width: 180px) 100vw, 180px\" src=\"data:image\/svg+xml;base64,PHN2ZyB3aWR0aD0iMSIgaGVpZ2h0PSIxIiB4bWxucz0iaHR0cDovL3d3dy53My5vcmcvMjAwMC9zdmciPjwvc3ZnPg==\" style=\"--smush-placeholder-width: 180px; --smush-placeholder-aspect-ratio: 180\/181;\" \/><\/a><\/figure>\n<\/div>\n\n\n\n<div class=\"wp-block-column is-layout-flow wp-block-column-is-layout-flow\">\n<figure class=\"wp-block-image size-full\"><a href=\"https:\/\/maxpluscompany.com\/pt\/telhadps-brancos-ganham-relevancia\/\"><img decoding=\"async\" width=\"194\" height=\"204\" data-src=\"https:\/\/maxpluscompany.com\/wp-content\/uploads\/2022\/11\/Link-telhado-branco.png\" alt=\"\" class=\"wp-image-2533 lazyload\" title=\"|\" src=\"data:image\/svg+xml;base64,PHN2ZyB3aWR0aD0iMSIgaGVpZ2h0PSIxIiB4bWxucz0iaHR0cDovL3d3dy53My5vcmcvMjAwMC9zdmciPjwvc3ZnPg==\" style=\"--smush-placeholder-width: 194px; --smush-placeholder-aspect-ratio: 194\/204;\"><\/a><\/figure>\n<\/div>\n\n\n\n<div class=\"wp-block-column is-layout-flow wp-block-column-is-layout-flow\">\n<figure class=\"wp-block-image size-full\"><a href=\"https:\/\/maxpluscompany.com\/pt\/efeito-estufa\/\"><img decoding=\"async\" width=\"191\" height=\"192\" data-src=\"https:\/\/maxpluscompany.com\/wp-content\/uploads\/2022\/11\/Link_lideres.png\" alt=\"\" class=\"wp-image-2532 lazyload\" title=\"|\" data-srcset=\"https:\/\/maxpluscompany.com\/wp-content\/uploads\/2022\/11\/Link_lideres.png 191w, https:\/\/maxpluscompany.com\/wp-content\/uploads\/2022\/11\/Link_lideres-150x150.png 150w\" data-sizes=\"(max-width: 191px) 100vw, 191px\" src=\"data:image\/svg+xml;base64,PHN2ZyB3aWR0aD0iMSIgaGVpZ2h0PSIxIiB4bWxucz0iaHR0cDovL3d3dy53My5vcmcvMjAwMC9zdmciPjwvc3ZnPg==\" style=\"--smush-placeholder-width: 191px; --smush-placeholder-aspect-ratio: 191\/192;\" \/><\/a><\/figure>\n<\/div>\n<\/div>\n<\/div><\/div><p><\/p>","protected":false},"excerpt":{"rendered":"<p>Com in&iacute;cio em 1995, o encontro realizado pela Organiza&ccedil;&atilde;o das Na&ccedil;&otilde;es Unidas (ONU) entre os dias 7 e 18 de novembro, a COP (Conference of the Parties) chega &agrave; sua 27&ordf; edi&ccedil;&atilde;o em 2022. Considerada um dos eventos sobre mudan&ccedil;as clim&aacute;ticas mais importante do mundo, a COP &eacute; realizada anualmente, em diferentes pa&iacute;ses a cada [&hellip;]<\/p>\n","protected":false},"author":5,"featured_media":2550,"comment_status":"closed","ping_status":"closed","sticky":false,"template":"","format":"standard","meta":{"_acf_changed":false,"footnotes":""},"categories":[219],"tags":[],"navegacao_post":[],"class_list":["post-2526","post","type-post","status-publish","format-standard","has-post-thumbnail","hentry","category-esg-e-a-max-plus","entry"],"acf":[],"_links":{"self":[{"href":"https:\/\/maxpluscompany.com\/es\/wp-json\/wp\/v2\/posts\/2526","targetHints":{"allow":["GET"]}}],"collection":[{"href":"https:\/\/maxpluscompany.com\/es\/wp-json\/wp\/v2\/posts"}],"about":[{"href":"https:\/\/maxpluscompany.com\/es\/wp-json\/wp\/v2\/types\/post"}],"author":[{"embeddable":true,"href":"https:\/\/maxpluscompany.com\/es\/wp-json\/wp\/v2\/users\/5"}],"replies":[{"embeddable":true,"href":"https:\/\/maxpluscompany.com\/es\/wp-json\/wp\/v2\/comments?post=2526"}],"version-history":[{"count":3,"href":"https:\/\/maxpluscompany.com\/es\/wp-json\/wp\/v2\/posts\/2526\/revisions"}],"predecessor-version":[{"id":5247,"href":"https:\/\/maxpluscompany.com\/es\/wp-json\/wp\/v2\/posts\/2526\/revisions\/5247"}],"wp:featuredmedia":[{"embeddable":true,"href":"https:\/\/maxpluscompany.com\/es\/wp-json\/wp\/v2\/media\/2550"}],"wp:attachment":[{"href":"https:\/\/maxpluscompany.com\/es\/wp-json\/wp\/v2\/media?parent=2526"}],"wp:term":[{"taxonomy":"category","embeddable":true,"href":"https:\/\/maxpluscompany.com\/es\/wp-json\/wp\/v2\/categories?post=2526"},{"taxonomy":"post_tag","embeddable":true,"href":"https:\/\/maxpluscompany.com\/es\/wp-json\/wp\/v2\/tags?post=2526"},{"taxonomy":"navegacao_post","embeddable":true,"href":"https:\/\/maxpluscompany.com\/es\/wp-json\/wp\/v2\/navegacao_post?post=2526"}],"curies":[{"name":"wp","href":"https:\/\/api.w.org\/{rel}","templated":true}]}}