{"id":2526,"date":"2022-11-22T15:03:39","date_gmt":"2022-11-22T18:03:39","guid":{"rendered":"https:\/\/maxpluscompany.com\/pt\/?p=2526"},"modified":"2026-04-10T13:00:18","modified_gmt":"2026-04-10T16:00:18","slug":"cop27-acoes-para-conter-mudancas-climaticas","status":"publish","type":"post","link":"https:\/\/maxpluscompany.com\/pt\/cop27-acoes-para-conter-mudancas-climaticas\/","title":{"rendered":"COP27 \u2013 Quais a\u00e7\u00f5es s\u00e3o necess\u00e1rias para conter as mudan\u00e7as clim\u00e1ticas no mundo?"},"content":{"rendered":"\n<p>Com in\u00edcio em 1995, o encontro realizado pela Organiza\u00e7\u00e3o das Na\u00e7\u00f5es Unidas (ONU) entre os dias 7 e 18 de novembro, a COP (Conference of the Parties) chega \u00e0 sua 27\u00aa edi\u00e7\u00e3o em 2022.<\/p>\n\n\n\n<p>Considerada um dos eventos sobre mudan\u00e7as clim\u00e1ticas mais importante do mundo, a COP \u00e9 realizada anualmente, em diferentes pa\u00edses a cada encontro. Este ano a cidade escolhida para a <a href=\"https:\/\/brasil.un.org\/pt-br\/205789-cop27-o-que-voce-precisa-saber-sobre-conferencia-do-clima-da-onu\" target=\"_blank\" rel=\"noopener\">COP27<\/a> foi Sharm el-Sheikh, no Egito, reunindo lideran\u00e7as de todo o mundo para discutir as a\u00e7\u00f5es de enfrentamento a este desafio global t\u00e3o importante e vital.<\/p>\n\n\n\n<p>Essas mudan\u00e7as clim\u00e1ticas impactam diretamente na economia, produ\u00e7\u00e3o de alimentos, acesso a \u00e1gua pot\u00e1vel, amea\u00e7as \u00e0 sa\u00fade, \u00e0 seguran\u00e7a, aumento de gastos, entre outros.<\/p>\n\n\n\n<p>A COP1 foi realizada em Berlim, na Alemanha, em 1995, e foi o primeiro movimento feito pela ONU para negociar metas e prazos para a redu\u00e7\u00e3o da emiss\u00e3o de gases de efeito estufa. Entre os acordos mais importantes criados durante o evento est\u00e1 o Protocolo de Kyoto (COP3, em 1997), o Acordo de Paris (COP21, em 2015), e o mercado global de carbono (COP26, em 2021).<\/p>\n\n\n\n<p>Algumas empresas brasileiras atentas \u00e0 sustentabilidade e diretamente conectadas ao assunto do momento marcam presen\u00e7a na COP27, apresentando solu\u00e7\u00f5es sustent\u00e1veis para contribui\u00e7\u00e3o global. Esta \u00e9, tamb\u00e9m, uma grande oportunidade para que estejam atualizados frente ao mercado mundial, vislumbrem possibilidades de neg\u00f3cios, troquem experi\u00eancias e claro, fa\u00e7am um \u00f3timo networking.<\/p>\n\n\n\n<div class=\"wp-block-image\"><figure class=\"aligncenter size-full is-resized\"><img decoding=\"async\" data-src=\"https:\/\/maxpluscompany.com\/wp-content\/uploads\/2022\/11\/efeito_estufa.jpeg\" alt=\"\" class=\"wp-image-2552 lazyload\" width=\"265\" height=\"381\" title=\"|\" data-srcset=\"https:\/\/maxpluscompany.com\/wp-content\/uploads\/2022\/11\/efeito_estufa.jpeg 674w, https:\/\/maxpluscompany.com\/wp-content\/uploads\/2022\/11\/efeito_estufa-209x300.jpeg 209w\" data-sizes=\"(max-width: 265px) 100vw, 265px\" src=\"data:image\/svg+xml;base64,PHN2ZyB3aWR0aD0iMSIgaGVpZ2h0PSIxIiB4bWxucz0iaHR0cDovL3d3dy53My5vcmcvMjAwMC9zdmciPjwvc3ZnPg==\" style=\"--smush-placeholder-width: 265px; --smush-placeholder-aspect-ratio: 265\/381;\" \/><\/figure><\/div>\n\n\n\n<p>Na pen\u00faltima edi\u00e7\u00e3o, os l\u00edderes dos pa\u00edses membros se comprometeram em reduzir suas emiss\u00f5es de carbono e desenvolver medidas para se adaptar aos impactos das mudan\u00e7as clim\u00e1ticas, al\u00e9m de fornecer mais apoio aos pa\u00edses em desenvolvimento.&nbsp;&nbsp;<\/p>\n\n\n\n<p>Em 2015 durante a COP 21, foi firmado o Acordo de Paris, que \u00e9 um compromisso entre 195 pa\u00edses com meta na redu\u00e7\u00e3o da emiss\u00e3o de gases respons\u00e1veis pelo efeito estufa, que entrou em vigor em 4 de novembro de 2016.&nbsp;<br><br>A principal meta do Acordo de Paris \u00e9 manter o aumento da temperatura do planeta bem abaixo dos 2\u00b0C, visando garantir um futuro com baixa emiss\u00e3o de carbono, adapt\u00e1vel, pr\u00f3spero e justo para todos.&nbsp;<\/p>\n\n\n\n<p>O Brasil, por exemplo, comprometeu-se a reduzir at\u00e9 2025 suas emiss\u00f5es de gases de efeito estufa em at\u00e9 37% (comparados aos n\u00edveis emitidos em 2005), estendendo essa meta para 43% at\u00e9 2030.&nbsp;&nbsp;<\/p>\n\n\n\n<ul class=\"wp-block-list\"><li>Aumentar o uso de fontes alternativas de energia;&nbsp;<\/li><li>Aumentar a participa\u00e7\u00e3o de bioenergias sustent\u00e1veis na matriz energ\u00e9tica brasileira para 18% at\u00e9 2030;&nbsp;<\/li><li><strong>Utilizar tecnologias limpas nas ind\u00fastrias;&nbsp;<\/strong><\/li><li>Melhorar a infraestrutura dos transportes;&nbsp;<\/li><li>Diminuir o desmatamento;&nbsp;<\/li><li>Restaurar e reflorestar at\u00e9 12 milh\u00f5es de hectares.&nbsp;<\/li><\/ul>\n\n\n\n<h3 class=\"wp-block-heading\"><strong>As principais metas do governo brasileiro s\u00e3o:&nbsp;<\/strong><\/h3>\n\n\n\n<p>A COP27 prev\u00ea tamb\u00e9m que os pa\u00edses firmados comuniquem, a cada cinco anos de forma volunt\u00e1ria, o andamento das suas metas previstas. E caso essas metas tenham sido alcan\u00e7adas antes do prazo final, devem-se criar mecanismos para elev\u00e1-las, tornando-as mais ambiciosas e colaborativas.<\/p>\n\n\n\n<p>Na COP27, a ONU deve analisar se essas metas foram atingidas e definir novos objetivos.<\/p>\n\n\n\n<h3 class=\"wp-block-heading\">Contribui\u00e7\u00e3o da Max Plus Company<\/h3>\n\n\n\n<p>A boa not\u00edcia \u00e9 que a Max Plus Company tem um s\u00e9rio compromisso com o Brasil e com o planeta: contribuir para que nossa meta seja atingida antes do prazo final.<\/p>\n\n\n\n<p>Sempre alinhada com as quest\u00f5es ambientais, nosso enorme background de produtos cada vez mais tecnol\u00f3gicos, nos permitiram desenvolver produtos altamente sustent\u00e1veis, inibidores de produ\u00e7\u00e3o de alguns gases diretamente contribuidores ao efeito estufa.<\/p>\n\n\n\n<p>Temos muito orgulho em dizer que nosso isolante t\u00e9rmico Max Therm n\u00e3o s\u00f3 ajuda ao Brasil a alcan\u00e7ar essa meta, como tamb\u00e9m contribui mundialmente para a redu\u00e7\u00e3o de emiss\u00f5es de carbono.<\/p>\n\n\n\n<h3 class=\"wp-block-heading\"><strong>Como?<\/strong><\/h3>\n\n\n\n<h4 class=\"wp-block-heading\"><strong>Nossa contribui\u00e7\u00e3o vem por tr\u00eas frentes importantes:<\/strong><\/h4>\n\n\n\n<ul class=\"wp-block-list\"><li>Por ser uma membrana altamente refletiva e de baixa emissividade, o Max Therm bloqueia o aquecimento da superf\u00edcie das telhas, ou seja, n\u00e3o s\u00e3o produzidos gases gerados pelo calor nas imensas \u00e1reas de telhados industriais, que s\u00e3o grandes respons\u00e1veis pela gera\u00e7\u00e3o de ilhas de calor urbanas, comuns em \u00e1reas industriais.<\/li><\/ul>\n\n\n\n<ul class=\"wp-block-list\"><li>Nossos produtos tamb\u00e9m recuperam coberturas industriais, evitando que os telhados sejam trocados, e que sejam descartadas toneladas de substratos incluindo o amianto, que \u00e9 altamente t\u00f3xico.<\/li><\/ul>\n\n\n\n<ul class=\"wp-block-list\"><li>O uso do telhado branco com o Max Therm, reduz a temperatura interna do ambiente, gerando a diminui\u00e7\u00e3o o uso de energia el\u00e9trica em ambientes climatizados ou com ar-condicionado. Essa a\u00e7\u00e3o permite a compensa\u00e7\u00e3o de at\u00e9 10 toneladas de CO2 a cada 100 m\u00b2 aplicado ao ano.<\/li><\/ul>\n\n\n\n<div class=\"wp-block-image\"><figure class=\"aligncenter size-large is-resized\"><img decoding=\"async\" data-src=\"https:\/\/maxpluscompany.com\/wp-content\/uploads\/2022\/11\/sustentabilidade-1167x769.jpeg\" alt=\"\" class=\"wp-image-2553 lazyload\" width=\"334\" height=\"220\" title=\"|\" data-srcset=\"https:\/\/maxpluscompany.com\/wp-content\/uploads\/2022\/11\/sustentabilidade-1167x769.jpeg 1167w, https:\/\/maxpluscompany.com\/wp-content\/uploads\/2022\/11\/sustentabilidade-300x198.jpeg 300w, https:\/\/maxpluscompany.com\/wp-content\/uploads\/2022\/11\/sustentabilidade-768x506.jpeg 768w, https:\/\/maxpluscompany.com\/wp-content\/uploads\/2022\/11\/sustentabilidade.jpeg 1280w\" data-sizes=\"(max-width: 334px) 100vw, 334px\" src=\"data:image\/svg+xml;base64,PHN2ZyB3aWR0aD0iMSIgaGVpZ2h0PSIxIiB4bWxucz0iaHR0cDovL3d3dy53My5vcmcvMjAwMC9zdmciPjwvc3ZnPg==\" style=\"--smush-placeholder-width: 334px; --smush-placeholder-aspect-ratio: 334\/220;\" \/><\/figure><\/div>\n\n\n\n<p>O efeito estufa \u00e9 uma realidade h\u00e1 anos e com o passar do tempo vem se agravando cada vez mais. Dessa forma, acordos realizados como o COP27 e os demais no passado se fazem de extrema import\u00e2ncia.<\/p>\n\n\n\n<p>Mais do que um edif\u00edcio verde, estamos falando da sobreviv\u00eancia no planeta terra. E a\u00e7\u00f5es conjuntas far\u00e3o a diferen\u00e7a nos pr\u00f3ximos anos.<\/p>\n\n\n\n<p>Quer saber mais sobre o assunto, acesse os links abaixo:<\/p>\n\n\n\n<div class=\"wp-block-group\"><div class=\"wp-block-group__inner-container is-layout-flow wp-block-group-is-layout-flow\">\n<div class=\"wp-block-columns is-layout-flex wp-container-core-columns-is-layout-9d6595d7 wp-block-columns-is-layout-flex\">\n<div class=\"wp-block-column is-layout-flow wp-block-column-is-layout-flow\">\n<figure class=\"wp-block-image size-full\"><a href=\"https:\/\/maxpluscompany.com\/pt\/telhado-branco-e-o-efeito-estufa\/\"><img decoding=\"async\" width=\"180\" height=\"181\" data-src=\"https:\/\/maxpluscompany.com\/wp-content\/uploads\/2022\/11\/Link_efeito_estufa.png\" alt=\"\" class=\"wp-image-2530 lazyload\" title=\"|\" data-srcset=\"https:\/\/maxpluscompany.com\/wp-content\/uploads\/2022\/11\/Link_efeito_estufa.png 180w, https:\/\/maxpluscompany.com\/wp-content\/uploads\/2022\/11\/Link_efeito_estufa-150x150.png 150w\" data-sizes=\"(max-width: 180px) 100vw, 180px\" src=\"data:image\/svg+xml;base64,PHN2ZyB3aWR0aD0iMSIgaGVpZ2h0PSIxIiB4bWxucz0iaHR0cDovL3d3dy53My5vcmcvMjAwMC9zdmciPjwvc3ZnPg==\" style=\"--smush-placeholder-width: 180px; --smush-placeholder-aspect-ratio: 180\/181;\" \/><\/a><\/figure>\n<\/div>\n\n\n\n<div class=\"wp-block-column is-layout-flow wp-block-column-is-layout-flow\">\n<figure class=\"wp-block-image size-full\"><a href=\"https:\/\/maxpluscompany.com\/pt\/telhadps-brancos-ganham-relevancia\/\"><img decoding=\"async\" width=\"194\" height=\"204\" data-src=\"https:\/\/maxpluscompany.com\/wp-content\/uploads\/2022\/11\/Link-telhado-branco.png\" alt=\"\" class=\"wp-image-2533 lazyload\" title=\"|\" src=\"data:image\/svg+xml;base64,PHN2ZyB3aWR0aD0iMSIgaGVpZ2h0PSIxIiB4bWxucz0iaHR0cDovL3d3dy53My5vcmcvMjAwMC9zdmciPjwvc3ZnPg==\" style=\"--smush-placeholder-width: 194px; --smush-placeholder-aspect-ratio: 194\/204;\"><\/a><\/figure>\n<\/div>\n\n\n\n<div class=\"wp-block-column is-layout-flow wp-block-column-is-layout-flow\">\n<figure class=\"wp-block-image size-full\"><a href=\"https:\/\/maxpluscompany.com\/pt\/efeito-estufa\/\"><img decoding=\"async\" width=\"191\" height=\"192\" data-src=\"https:\/\/maxpluscompany.com\/wp-content\/uploads\/2022\/11\/Link_lideres.png\" alt=\"\" class=\"wp-image-2532 lazyload\" title=\"|\" data-srcset=\"https:\/\/maxpluscompany.com\/wp-content\/uploads\/2022\/11\/Link_lideres.png 191w, https:\/\/maxpluscompany.com\/wp-content\/uploads\/2022\/11\/Link_lideres-150x150.png 150w\" data-sizes=\"(max-width: 191px) 100vw, 191px\" src=\"data:image\/svg+xml;base64,PHN2ZyB3aWR0aD0iMSIgaGVpZ2h0PSIxIiB4bWxucz0iaHR0cDovL3d3dy53My5vcmcvMjAwMC9zdmciPjwvc3ZnPg==\" style=\"--smush-placeholder-width: 191px; --smush-placeholder-aspect-ratio: 191\/192;\" \/><\/a><\/figure>\n<\/div>\n<\/div>\n<\/div><\/div>\n\n\n\n<p><\/p>\n","protected":false},"excerpt":{"rendered":"<p>Com in\u00edcio em 1995, o encontro realizado pela Organiza\u00e7\u00e3o das Na\u00e7\u00f5es Unidas (ONU) entre os dias 7 e 18 de novembro, a COP (Conference of the Parties) chega \u00e0 sua 27\u00aa edi\u00e7\u00e3o em 2022. Considerada um dos eventos sobre mudan\u00e7as clim\u00e1ticas mais importante do mundo, a COP \u00e9 realizada anualmente, em diferentes pa\u00edses a cada [&hellip;]<\/p>\n","protected":false},"author":5,"featured_media":2550,"comment_status":"closed","ping_status":"closed","sticky":false,"template":"","format":"standard","meta":{"_acf_changed":false,"footnotes":""},"categories":[219],"tags":[],"navegacao_post":[],"class_list":["post-2526","post","type-post","status-publish","format-standard","has-post-thumbnail","hentry","category-esg-e-a-max-plus","entry"],"acf":[],"_links":{"self":[{"href":"https:\/\/maxpluscompany.com\/pt\/wp-json\/wp\/v2\/posts\/2526","targetHints":{"allow":["GET"]}}],"collection":[{"href":"https:\/\/maxpluscompany.com\/pt\/wp-json\/wp\/v2\/posts"}],"about":[{"href":"https:\/\/maxpluscompany.com\/pt\/wp-json\/wp\/v2\/types\/post"}],"author":[{"embeddable":true,"href":"https:\/\/maxpluscompany.com\/pt\/wp-json\/wp\/v2\/users\/5"}],"replies":[{"embeddable":true,"href":"https:\/\/maxpluscompany.com\/pt\/wp-json\/wp\/v2\/comments?post=2526"}],"version-history":[{"count":3,"href":"https:\/\/maxpluscompany.com\/pt\/wp-json\/wp\/v2\/posts\/2526\/revisions"}],"predecessor-version":[{"id":5247,"href":"https:\/\/maxpluscompany.com\/pt\/wp-json\/wp\/v2\/posts\/2526\/revisions\/5247"}],"wp:featuredmedia":[{"embeddable":true,"href":"https:\/\/maxpluscompany.com\/pt\/wp-json\/wp\/v2\/media\/2550"}],"wp:attachment":[{"href":"https:\/\/maxpluscompany.com\/pt\/wp-json\/wp\/v2\/media?parent=2526"}],"wp:term":[{"taxonomy":"category","embeddable":true,"href":"https:\/\/maxpluscompany.com\/pt\/wp-json\/wp\/v2\/categories?post=2526"},{"taxonomy":"post_tag","embeddable":true,"href":"https:\/\/maxpluscompany.com\/pt\/wp-json\/wp\/v2\/tags?post=2526"},{"taxonomy":"navegacao_post","embeddable":true,"href":"https:\/\/maxpluscompany.com\/pt\/wp-json\/wp\/v2\/navegacao_post?post=2526"}],"curies":[{"name":"wp","href":"https:\/\/api.w.org\/{rel}","templated":true}]}}