{"id":689,"date":"2020-02-07T15:14:03","date_gmt":"2020-02-07T18:14:03","guid":{"rendered":"https:\/\/maxpluscompany.com\/?p=689"},"modified":"2026-04-10T12:54:47","modified_gmt":"2026-04-10T15:54:47","slug":"aquecimento-urbano-o-que-fazer","status":"publish","type":"post","link":"https:\/\/maxpluscompany.com\/pt\/aquecimento-urbano-o-que-fazer\/","title":{"rendered":"Aquecimento Urbano: O que faremos?"},"content":{"rendered":"\n<p>Muito se fala sobre o aquecimento global, de Al Gore e estrat\u00e9gias p\u00fablicas de superpot\u00eancias. Al\u00e9m disso, tem as conversas de elevador, com o costumeiro: \u201ccomo est\u00e1 abafado hoje, n\u00e3o?\u201d<\/p>\n\n\n\n<p>Uma das principais causas do fen\u00f4meno n\u00e3o se mostra em larga escala, como a maioria das pessoas imagina, mas sim do&nbsp;clima urbano. O microclima da cidade se transforma pelas atividades humanas e suas interven\u00e7\u00f5es no meio, como por exemplo a constru\u00e7\u00e3o de grandes pr\u00e9dios, pavimenta\u00e7\u00e3o com asfalto, retirada de \u00e1rvores e vegeta\u00e7\u00e3o do entorno, al\u00e9m dos gases poluentes de carros e f\u00e1bricas. <\/p>\n\n\n\n<h3 class=\"wp-block-heading\">Ilhas de Calor Urbano<\/h3>\n\n\n\n<p>Apesar das coisas boas que a urbaniza\u00e7\u00e3o trouxe a todos n\u00f3s, coisas ruins vieram junto. Ela tamb\u00e9m promoveu, por exemplo, o que chamamos de <em>ilhas de calor<\/em>: com tantos pr\u00e9dios, o calor n\u00e3o consegue sair dali, ficando retido entre os muros dos edif\u00edcios comerciais e residenciais.<\/p>\n\n\n\n<p>Podendo causar, inclusive, <em>invers\u00e3o t\u00e9rmica<\/em>, que ret\u00e9m os poluentes, causando problemas respirat\u00f3rios na popula\u00e7\u00e3o. <\/p>\n\n\n<div class=\"wp-block-image\">\n<figure class=\"aligncenter is-resized\"><img decoding=\"async\" data-src=\"https:\/\/www.aldo.com.br\/blog\/wp-content\/uploads\/2021\/07\/blog_aldosolar_aquecimento-global-a-energia-solar-pode-ser-uma-grande-aliada.jpg\" alt=\"Aquecimento global, a energia solar pode ser uma grande aliada\" style=\"width:728px;height:417px\" title=\"|\" src=\"data:image\/svg+xml;base64,PHN2ZyB3aWR0aD0iMSIgaGVpZ2h0PSIxIiB4bWxucz0iaHR0cDovL3d3dy53My5vcmcvMjAwMC9zdmciPjwvc3ZnPg==\" class=\"lazyload\"><\/figure>\n<\/div>\n\n\n<h3 class=\"wp-block-heading\">Entre as principais consequ\u00eancias aquecimento global, est\u00e3o:<\/h3>\n\n\n\n<p>\u2022 Derretimento das calotas polares e aumento do n\u00edvel do mar.<\/p>\n\n\n\n<p>\u2022 Inunda\u00e7\u00f5es nas latitudes do norte e no Pac\u00edfico Equatorial.<\/p>\n\n\n\n<p>\u2022 Extin\u00e7\u00e3o de esp\u00e9cies e danos irrepar\u00e1veis a diversos ecossistemas.<\/p>\n\n\n\n<p>\u2022 Escassez de \u00e1gua em algumas regi\u00f5es.<\/p>\n\n\n\n<p>\u2022 Problemas de sa\u00fade provocados pelo aumento do calor.<\/p>\n\n\n\n<p>Sabemos que o efeito estufa natural, \u00e9 uma prote\u00e7\u00e3o da Terra que, caso n\u00e3o existisse, deixaria a nossa superf\u00edcie g\u00e9lida, com temperaturas de \u2013 18\u00baC. O que acontece atualmente \u00e9 que a alta concentra\u00e7\u00e3o de CO2 na atmosfera reduz a naturalidade do processo, desregulando todo o nosso ecossistema e elevando a temperatura acima do ideal.<\/p>\n\n\n\n<h3 class=\"wp-block-heading\">O que fazer para evitar o aquecimento?<\/h3>\n\n\n\n<p>Sabemos que s\u00e3o necess\u00e1rias grandes mudan\u00e7as ecol\u00f3gicas no mundo, mas o grande, \u00e9 feito de pequenos.<\/p>\n\n\n\n<p>Assim, se cada um fizer a sua parte, contribuiremos com o mundo como um todo. Al\u00e9m de melhorar nossa qualidade de vida e bem-estar no dia a dia.<\/p>\n\n\n\n<p>Algumas ideias:<\/p>\n\n\n\n<ul class=\"wp-block-list\">\n<li> Fazer plantio de \u00e1rvores: n\u00e3o espere por a\u00e7\u00f5es p\u00fablicas, plante na sua casa; <\/li>\n\n\n\n<li> Evitar usar o carro para tudo, escolha ir a p\u00e9: al\u00e9m de tudo, melhora sua sa\u00fade cardio-respirat\u00f3ria; <\/li>\n\n\n\n<li> Restringir o uso do ar condicionado: eles liberam gases danosos \u00e0 atmosfera, ao mesmo tempo que resfriam a sua casa, promovem o aquecimento da temperatura l\u00e1 fora; <\/li>\n\n\n\n<li> Usar <a aria-label=\"produtos (opens in a new tab)\" href=\"https:\/\/maxpluscompany.com\/produtos\/\" target=\"_blank\" rel=\"noreferrer noopener\">produtos<\/a> de alta refletividade e baixa absor\u00e7\u00e3o de calor para aplica\u00e7\u00e3o em telhados: melhora a situa\u00e7\u00e3o das ilhas de calor e o seu bem-estar dentro de casa ou empresas; <\/li>\n\n\n\n<li> Produzir menos lixo: perceba quanta embalagem entra na sua casa e tente reduzir, melhorando nas escolhas. <\/li>\n<\/ul>\n\n\n\n<h2 class=\"wp-block-heading\">Telhado Branco<\/h2>\n\n\n\n<p>O efeito \u201cIlha de Calor Urbano\u201d \u00e9 o aquecimento mensur\u00e1vel da temperatura resultante principalmente da substitui\u00e7\u00e3o da vegeta\u00e7\u00e3o por edif\u00edcios, superf\u00edcies negras como telhados, ruas, avenidas e outras infraestruturas de absor\u00e7\u00e3o de calor.<br>O uso do telhado branco pode preservar a natureza, impedindo que cerca de 10 toneladas m\u00e9tricas de CO2 sejam emitidas ao meio ambiente.<br>Ao diminuirmos 10% do calor urbano atrav\u00e9s dos telhados brancos, deixaremos de emitir o CO2 de aproximadamente 4 milh\u00f5es de carros nas ruas.<br>O telhado branco preserva a vida \u00fatil da cobertura, diminuindo a enorme quantidade de res\u00edduos (telhas antigas ou danificadas) nos aterros.<\/p>\n\n\n\n<figure class=\"wp-block-image size-full\"><img decoding=\"async\" width=\"965\" height=\"312\" data-src=\"https:\/\/maxpluscompany.com\/wp-content\/uploads\/2023\/03\/image-10.png\" alt=\"\" class=\"wp-image-2996 lazyload\" title=\"|\" data-srcset=\"https:\/\/maxpluscompany.com\/wp-content\/uploads\/2023\/03\/image-10.png 965w, https:\/\/maxpluscompany.com\/wp-content\/uploads\/2023\/03\/image-10-300x97.png 300w, https:\/\/maxpluscompany.com\/wp-content\/uploads\/2023\/03\/image-10-768x248.png 768w\" data-sizes=\"(max-width: 965px) 100vw, 965px\" src=\"data:image\/svg+xml;base64,PHN2ZyB3aWR0aD0iMSIgaGVpZ2h0PSIxIiB4bWxucz0iaHR0cDovL3d3dy53My5vcmcvMjAwMC9zdmciPjwvc3ZnPg==\" style=\"--smush-placeholder-width: 965px; --smush-placeholder-aspect-ratio: 965\/312;\" \/><\/figure>\n\n\n\n<p>H\u00e1 mais de 35 anos a MAX PLUS se preocupa com essa causa e atua com solu\u00e7\u00f5es t\u00e9rmicas que ajudam na redu\u00e7\u00e3o do consumo energ\u00e9tico na climatiza\u00e7\u00e3o de grandes ambientes em f\u00e1bricas, galp\u00f5es e outras constru\u00e7\u00f5es, contribuindo assim com a redu\u00e7\u00e3o da emiss\u00e3o de CO<sup>2<\/sup>&nbsp;para a atmosfera, reduzindo o efeito estufa.<\/p>\n\n\n\n<p>Trabalhamos com tecnologia e inova\u00e7\u00e3o, aplicando o que h\u00e1 de mais avan\u00e7ado em nossos produtos, para aumentar a efic\u00e1cia do combate ao calor do sol nos telhados industriais.\u00a0<a href=\"https:\/\/maxpluscompany.com\/pt\/produtos\/\">MAX THERM<\/a>, por exemplo, utiliza part\u00edculas de cer\u00e2mica altamente refrat\u00e1rias, semelhante ao processo que a NASA emprega em seus ve\u00edculos espaciais para proteg\u00ea-los na reentrada na atmosfera.<\/p>\n\n\n\n<p>Ou seja, ao possibilitar economia em escala para as empresas, com gastos em climatiza\u00e7\u00e3o e energia, tamb\u00e9m estamos ajudando a reduzir a emiss\u00e3o de gases na atmosfera e contribuindo para evitar o aquecimento global e manter o equil\u00edbrio clim\u00e1tico, t\u00e3o importante para a sobreviv\u00eancia de muitas esp\u00e9cies.<\/p>\n\n\n\n<figure class=\"wp-block-image size-large\"><img decoding=\"async\" width=\"1024\" height=\"289\" data-src=\"https:\/\/maxpluscompany.com\/wp-content\/uploads\/2020\/02\/ArranjoCincoBaldes-1-1024x289.jpg\" alt=\"Produtos Max Plus\" class=\"wp-image-694 lazyload\" title=\"|\" data-srcset=\"https:\/\/maxpluscompany.com\/wp-content\/uploads\/2020\/02\/ArranjoCincoBaldes-1-1024x289.jpg 1024w, https:\/\/maxpluscompany.com\/wp-content\/uploads\/2020\/02\/ArranjoCincoBaldes-1-300x85.jpg 300w, https:\/\/maxpluscompany.com\/wp-content\/uploads\/2020\/02\/ArranjoCincoBaldes-1-768x217.jpg 768w, https:\/\/maxpluscompany.com\/wp-content\/uploads\/2020\/02\/ArranjoCincoBaldes-1-1536x434.jpg 1536w, https:\/\/maxpluscompany.com\/wp-content\/uploads\/2020\/02\/ArranjoCincoBaldes-1-2048x579.jpg 2048w, https:\/\/maxpluscompany.com\/wp-content\/uploads\/2020\/02\/ArranjoCincoBaldes-1-1568x443.jpg 1568w\" data-sizes=\"(max-width: 1024px) 100vw, 1024px\" src=\"data:image\/svg+xml;base64,PHN2ZyB3aWR0aD0iMSIgaGVpZ2h0PSIxIiB4bWxucz0iaHR0cDovL3d3dy53My5vcmcvMjAwMC9zdmciPjwvc3ZnPg==\" style=\"--smush-placeholder-width: 1024px; --smush-placeholder-aspect-ratio: 1024\/289;\" \/><figcaption class=\"wp-element-caption\">Produtos da linha Max Plus para telhados.<\/figcaption><\/figure>\n\n\n\n<p>Somos parte da natureza, n\u00e3o podemos nos esquecer disso. Por mais inovador que seja o ser humano, sempre seremos animais desta terra. <br>Vamos juntos cuidar da nossa casa.<\/p>\n\n\n\n<p><a href=\"https:\/\/api.whatsapp.com\/send?phone=5511999439114&amp;text=Ol%C3%A1!\" target=\"_blank\" rel=\"noopener\">Entre agora em contato e fale com um especialista.<\/a><\/p>\n","protected":false},"excerpt":{"rendered":"<p>Muito se fala sobre o aquecimento global, de Al Gore e estrat\u00e9gias p\u00fablicas de superpot\u00eancias. Al\u00e9m disso, tem as conversas de elevador, com o costumeiro: \u201ccomo est\u00e1 abafado hoje, n\u00e3o?\u201d Uma das principais causas do fen\u00f4meno n\u00e3o se mostra em larga escala, como a maioria das pessoas imagina, mas sim do&nbsp;clima urbano. O microclima da [&hellip;]<\/p>\n","protected":false},"author":7,"featured_media":809,"comment_status":"closed","ping_status":"closed","sticky":false,"template":"","format":"standard","meta":{"_acf_changed":false,"footnotes":""},"categories":[219],"tags":[],"navegacao_post":[],"class_list":["post-689","post","type-post","status-publish","format-standard","has-post-thumbnail","hentry","category-esg-e-a-max-plus","entry"],"acf":[],"_links":{"self":[{"href":"https:\/\/maxpluscompany.com\/pt\/wp-json\/wp\/v2\/posts\/689","targetHints":{"allow":["GET"]}}],"collection":[{"href":"https:\/\/maxpluscompany.com\/pt\/wp-json\/wp\/v2\/posts"}],"about":[{"href":"https:\/\/maxpluscompany.com\/pt\/wp-json\/wp\/v2\/types\/post"}],"author":[{"embeddable":true,"href":"https:\/\/maxpluscompany.com\/pt\/wp-json\/wp\/v2\/users\/7"}],"replies":[{"embeddable":true,"href":"https:\/\/maxpluscompany.com\/pt\/wp-json\/wp\/v2\/comments?post=689"}],"version-history":[{"count":3,"href":"https:\/\/maxpluscompany.com\/pt\/wp-json\/wp\/v2\/posts\/689\/revisions"}],"predecessor-version":[{"id":5152,"href":"https:\/\/maxpluscompany.com\/pt\/wp-json\/wp\/v2\/posts\/689\/revisions\/5152"}],"wp:featuredmedia":[{"embeddable":true,"href":"https:\/\/maxpluscompany.com\/pt\/wp-json\/wp\/v2\/media\/809"}],"wp:attachment":[{"href":"https:\/\/maxpluscompany.com\/pt\/wp-json\/wp\/v2\/media?parent=689"}],"wp:term":[{"taxonomy":"category","embeddable":true,"href":"https:\/\/maxpluscompany.com\/pt\/wp-json\/wp\/v2\/categories?post=689"},{"taxonomy":"post_tag","embeddable":true,"href":"https:\/\/maxpluscompany.com\/pt\/wp-json\/wp\/v2\/tags?post=689"},{"taxonomy":"navegacao_post","embeddable":true,"href":"https:\/\/maxpluscompany.com\/pt\/wp-json\/wp\/v2\/navegacao_post?post=689"}],"curies":[{"name":"wp","href":"https:\/\/api.w.org\/{rel}","templated":true}]}}